{"id":5336,"date":"2026-09-01T21:27:07","date_gmt":"2026-09-01T20:27:07","guid":{"rendered":"https:\/\/www.grauer-magier.de\/?p=5336"},"modified":"2026-09-01T21:27:08","modified_gmt":"2026-09-01T20:27:08","slug":"nackenschneckchen-rezept-fuer-einen-roll-on","status":"publish","type":"post","link":"https:\/\/www.grauer-magier.de\/?p=5336","title":{"rendered":"Nackenschneckchen &#8211; Rezept f\u00fcr einen Roll-On"},"content":{"rendered":"\n<p class=\"wp-block-paragraph\">Inspiriert durch das <a href=\"https:\/\/www.vivere-aromapflege.de\/2021\/01\/14\/angelikawurzel-immunstark-und-unterstuetzend\/\" target=\"_blank\" rel=\"noopener\">Streichelschnecke Rezept<\/a> von Sabrina Herber:<\/p>\n\n\n\n<blockquote class=\"wp-block-quote is-layout-flow wp-block-quote-is-layout-flow\">\n<p class=\"wp-block-paragraph\">Kennst du das auch, das Gef\u00fchl von \u201eT\u00fcte \u00fcberm Kopf\u201c??? Du f\u00fchlst dich matt, abgeschlagen, benebelt und kr\u00e4nklich.<br \/>Dann nehme ich von der \u00d6lmischung \u201eStreichelschnecke\u201c ca. 2-3 Tropfen und massiere mit kreisenden Bewegungen (stell dir ein Schneckenhaus vor) meinen Nacken f\u00fcr ca. 2-3 Minuten.<\/p>\n\n\n\n<p class=\"wp-block-paragraph\">Wenn du genau nachdenkst, dann wirst du feststellen, dass dieser Bereich im Nacken oft unbewusst angefasst wird: z.B. wenn du verspannt oder wenn du m\u00fcde bist. Viele Menschen tragen im Winter und im Sommer einen Schal, meist ist dies kein Modeaccessoire, sondern dient dazu diesen \u00fcberaus empfindlichen Teil unseres K\u00f6rpers zu w\u00e4rmen.<\/p>\n\n\n\n<p class=\"wp-block-paragraph\"><strong>\u201eStreichelschnecke\u201c<\/strong><\/p>\n\n\n\n<p class=\"wp-block-paragraph\">5 ml Jojoba\u00f6l<\/p>\n\n\n\n<p class=\"wp-block-paragraph\"><a href=\"https:\/\/www.shop-vivere.de\/produkt\/angelikawurzel-bio\/\" target=\"_blank\" rel=\"noopener\">3 Tr. Angelikawurzel<\/a><\/p>\n\n\n\n<p class=\"wp-block-paragraph\"><a href=\"https:\/\/www.shop-vivere.de\/produkt\/zeder-bio\/\" target=\"_blank\" rel=\"noopener\">1 Tr. (Atlas)Zeder<\/a><\/p>\n\n\n\n<p class=\"wp-block-paragraph\"><a href=\"https:\/\/www.shop-vivere.de\/produkt\/aetherisches-oel-bergamotte\/\" target=\"_blank\" rel=\"noopener\">1 Tr. Bergamotte<\/a><\/p>\n\n\n\n<p class=\"wp-block-paragraph\">Die Mischung kannst du auch in einen&nbsp;<a href=\"https:\/\/www.shop-vivere.de\/produkt\/roll-on-glas-10-ml\/\" target=\"_blank\" rel=\"noopener\">Roll on<\/a>&nbsp;geben und diesen zur Massage im Nacken verwenden.<\/p>\n<\/blockquote>\n\n\n\n<p class=\"wp-block-paragraph\">Aber auch Verspannungen im Nacken lassen sich damit wunderbar entspannen. Daher habe ich das Ganze auf 10ml erweitert und durch die \u00e4th. \u00d6le Majoran, Cajeput und M\u00e4des\u00fc\u00df erg\u00e4nzt.<\/p>\n\n\n\n<p class=\"wp-block-paragraph\">Das Nackenschneckchen sieht also dann so aus:<\/p>\n\n\n\n<ul class=\"wp-block-list\">\n<li>10ml Jojoba\u00f6l<\/li>\n\n\n\n<li>6 Tr. Angelikawurzel<\/li>\n\n\n\n<li>2 Tr. Atlaszeder<\/li>\n\n\n\n<li>2. Tr. Bergamotte<\/li>\n\n\n\n<li>6 Tr. Majoran<\/li>\n\n\n\n<li>6 Tr. Cajeput<\/li>\n\n\n\n<li>6 Tr. M\u00e4des\u00fc\u00df<\/li>\n<\/ul>\n\n\n\n<p class=\"wp-block-paragraph\">Der Duft ist krautig, s\u00fc\u00dflich und frisch.<\/p>\n","protected":false},"excerpt":{"rendered":"<p>Inspiriert durch das Streichelschnecke Rezept von Sabrina Herber: Kennst du das auch, das Gef\u00fchl von \u201eT\u00fcte \u00fcberm Kopf\u201c??? Du f\u00fchlst dich matt, abgeschlagen, benebelt und kr\u00e4nklich.Dann nehme ich von der \u00d6lmischung \u201eStreichelschnecke\u201c ca. 2-3 Tropfen und massiere mit kreisenden Bewegungen (stell dir ein Schneckenhaus vor) meinen Nacken f\u00fcr ca. 2-3 Minuten. Wenn du genau nachdenkst, [&hellip;]<\/p>\n","protected":false},"author":1,"featured_media":0,"comment_status":"open","ping_status":"open","sticky":false,"template":"","format":"standard","meta":{"footnotes":""},"categories":[17,518],"tags":[35,41,101,30,69,514],"class_list":["post-5336","post","type-post","status-publish","format-standard","hentry","category-aromapflege","category-diy","tag-aromapflege","tag-aetherische-oele","tag-diy","tag-empfehlungen","tag-heilkunde","tag-komplementaermedizin"],"_links":{"self":[{"href":"https:\/\/www.grauer-magier.de\/index.php?rest_route=\/wp\/v2\/posts\/5336","targetHints":{"allow":["GET"]}}],"collection":[{"href":"https:\/\/www.grauer-magier.de\/index.php?rest_route=\/wp\/v2\/posts"}],"about":[{"href":"https:\/\/www.grauer-magier.de\/index.php?rest_route=\/wp\/v2\/types\/post"}],"author":[{"embeddable":true,"href":"https:\/\/www.grauer-magier.de\/index.php?rest_route=\/wp\/v2\/users\/1"}],"replies":[{"embeddable":true,"href":"https:\/\/www.grauer-magier.de\/index.php?rest_route=%2Fwp%2Fv2%2Fcomments&post=5336"}],"version-history":[{"count":1,"href":"https:\/\/www.grauer-magier.de\/index.php?rest_route=\/wp\/v2\/posts\/5336\/revisions"}],"predecessor-version":[{"id":5337,"href":"https:\/\/www.grauer-magier.de\/index.php?rest_route=\/wp\/v2\/posts\/5336\/revisions\/5337"}],"wp:attachment":[{"href":"https:\/\/www.grauer-magier.de\/index.php?rest_route=%2Fwp%2Fv2%2Fmedia&parent=5336"}],"wp:term":[{"taxonomy":"category","embeddable":true,"href":"https:\/\/www.grauer-magier.de\/index.php?rest_route=%2Fwp%2Fv2%2Fcategories&post=5336"},{"taxonomy":"post_tag","embeddable":true,"href":"https:\/\/www.grauer-magier.de\/index.php?rest_route=%2Fwp%2Fv2%2Ftags&post=5336"}],"curies":[{"name":"wp","href":"https:\/\/api.w.org\/{rel}","templated":true}]}}