{"id":2918,"date":"2025-01-05T13:05:41","date_gmt":"2025-01-05T12:05:41","guid":{"rendered":"https:\/\/www.grauer-magier.de\/?p=2918"},"modified":"2025-01-05T13:05:46","modified_gmt":"2025-01-05T12:05:46","slug":"duftkommunikation-der-duftkreis-in-der-flasche-die-notfallmischung-nach-martin-henglein","status":"publish","type":"post","link":"https:\/\/www.grauer-magier.de\/?p=2918","title":{"rendered":"Duftkommunikation: Der Duftkreis in der Flasche \u2013 Die \u201eNotfallmischung\u201c nach Martin Henglein"},"content":{"rendered":"\n<p>Nachdem ich den grandiosen Kurs bei Christine Lamontain besuchen durfte, dass war Modul 1, empfahl sie uns noch diese Notfallmischung.<\/p>\n\n\n\n<p>Obwohl sie sonst kein &#8222;Freund&#8220; von fixen Mischungen sei, habe diese Kombination bei ihr sich bew\u00e4hrt.<\/p>\n\n\n\n<p>Dabei wirkt diese Mischung nicht nur auf Geist und Seele, sondern ist eigentlich im Spektrum genauso auf den K\u00f6rper wirksam.<\/p>\n\n\n\n<p>Rosengeranie, Bergamotte, Patchouli und Rosmarin als kardinale Basiss\u00e4ulen, erg\u00e4nzt mit Kamille r\u00f6misch und Rose &#8211; in diesem Potpourri findet man eigentlich alles was es f\u00fcr den kleinen aromatischen Notfalleinsatz braucht.<\/p>\n\n\n\n<figure class=\"wp-block-embed is-type-wp-embed is-provider-christine-lamontain-das-duftgespr-ch wp-block-embed-christine-lamontain-das-duftgespr-ch\"><div class=\"wp-block-embed__wrapper\">\n<blockquote class=\"wp-embedded-content\" data-secret=\"n1TNXQq3aG\"><a href=\"https:\/\/www.christinelamontain.de\/duftkommunikation-der-duftkreis-in-der-flasche-die-notfallmischung-nach-martin-henglein\/\">Duftkommunikation: Der Duftkreis in der Flasche &#8211; Die &#8222;Notfallmischung&#8220; nach Martin Henglein<\/a><\/blockquote><iframe loading=\"lazy\" class=\"wp-embedded-content\" sandbox=\"allow-scripts\" security=\"restricted\" style=\"position: absolute; visibility: hidden;\" title=\"&#8222;Duftkommunikation: Der Duftkreis in der Flasche &#8211; Die &#8222;Notfallmischung&#8220; nach Martin Henglein&#8220; &#8211; Christine Lamontain - Das Duftgespr\u00e4ch \" src=\"https:\/\/www.christinelamontain.de\/duftkommunikation-der-duftkreis-in-der-flasche-die-notfallmischung-nach-martin-henglein\/embed\/#?secret=Qd263OhHV3#?secret=n1TNXQq3aG\" data-secret=\"n1TNXQq3aG\" width=\"500\" height=\"282\" frameborder=\"0\" marginwidth=\"0\" marginheight=\"0\" scrolling=\"no\"><\/iframe>\n<\/div><\/figure>\n\n\n\n<p><strong>Die \u201eNotfall-Mischung\u201c nach Martin Henglein ist, in der\u00a0<a href=\"https:\/\/aroma-forum-international.de\/aromareport\/\" target=\"_blank\" rel=\"noreferrer noopener\">Fachzeitschrift Aomareport \u201eThemenschwerpunkt Osmologie\u201c Nr. 14\/2015<\/a>\u00a0von Aroma Forum International e.V., ver\u00f6ffentlicht.<\/strong><\/p>\n\n\n\n<p>erg\u00e4nzender Link: <a href=\"https:\/\/aromapraxis.de\/2022\/06\/24\/duftkommunikation-duft-und-psyche-im-dialog\/\" target=\"_blank\" rel=\"noreferrer noopener\">aromapraxis.de (2022)<\/a> und <a href=\"https:\/\/aromapraxis.de\/2021\/10\/05\/im-dialog-mit-riechmolekuelen-das-duftgespraech-nach-christine-lamontain\/\" target=\"_blank\" rel=\"noreferrer noopener\">aromapraxis.de (2021)<\/a><\/p>\n","protected":false},"excerpt":{"rendered":"<p>Nachdem ich den grandiosen Kurs bei Christine Lamontain besuchen durfte, dass war Modul 1, empfahl sie uns noch diese Notfallmischung. Obwohl sie sonst kein &#8222;Freund&#8220; von fixen Mischungen sei, habe diese Kombination bei ihr sich bew\u00e4hrt. Dabei wirkt diese Mischung nicht nur auf Geist und Seele, sondern ist eigentlich im Spektrum genauso auf den K\u00f6rper [&hellip;]<\/p>\n","protected":false},"author":1,"featured_media":0,"comment_status":"open","ping_status":"open","sticky":false,"template":"","format":"standard","meta":{"footnotes":""},"categories":[17,518,4],"tags":[35,41,597,101,596,592,595,30,594,514],"class_list":["post-2918","post","type-post","status-publish","format-standard","hentry","category-aromapflege","category-diy","category-spirituelle-lebensberatung","tag-aromapflege","tag-aetherische-oele","tag-christine-lamontain","tag-diy","tag-duftgespraech","tag-duftkommunikation","tag-duftkreis","tag-empfehlungen","tag-integrale-osmologie","tag-komplementaermedizin"],"_links":{"self":[{"href":"https:\/\/www.grauer-magier.de\/index.php?rest_route=\/wp\/v2\/posts\/2918","targetHints":{"allow":["GET"]}}],"collection":[{"href":"https:\/\/www.grauer-magier.de\/index.php?rest_route=\/wp\/v2\/posts"}],"about":[{"href":"https:\/\/www.grauer-magier.de\/index.php?rest_route=\/wp\/v2\/types\/post"}],"author":[{"embeddable":true,"href":"https:\/\/www.grauer-magier.de\/index.php?rest_route=\/wp\/v2\/users\/1"}],"replies":[{"embeddable":true,"href":"https:\/\/www.grauer-magier.de\/index.php?rest_route=%2Fwp%2Fv2%2Fcomments&post=2918"}],"version-history":[{"count":2,"href":"https:\/\/www.grauer-magier.de\/index.php?rest_route=\/wp\/v2\/posts\/2918\/revisions"}],"predecessor-version":[{"id":2920,"href":"https:\/\/www.grauer-magier.de\/index.php?rest_route=\/wp\/v2\/posts\/2918\/revisions\/2920"}],"wp:attachment":[{"href":"https:\/\/www.grauer-magier.de\/index.php?rest_route=%2Fwp%2Fv2%2Fmedia&parent=2918"}],"wp:term":[{"taxonomy":"category","embeddable":true,"href":"https:\/\/www.grauer-magier.de\/index.php?rest_route=%2Fwp%2Fv2%2Fcategories&post=2918"},{"taxonomy":"post_tag","embeddable":true,"href":"https:\/\/www.grauer-magier.de\/index.php?rest_route=%2Fwp%2Fv2%2Ftags&post=2918"}],"curies":[{"name":"wp","href":"https:\/\/api.w.org\/{rel}","templated":true}]}}