{"id":2748,"date":"2024-09-17T11:36:13","date_gmt":"2024-09-17T10:36:13","guid":{"rendered":"https:\/\/www.grauer-magier.de\/?p=2748"},"modified":"2024-09-17T11:36:14","modified_gmt":"2024-09-17T10:36:14","slug":"akupressur-band-fuer-erwachsene-und-kinder","status":"publish","type":"post","link":"https:\/\/www.grauer-magier.de\/?p=2748","title":{"rendered":"Akupressur-Band f\u00fcr Erwachsene und Kinder"},"content":{"rendered":"\n<blockquote class=\"wp-block-quote is-layout-flow wp-block-quote-is-layout-flow\"><\/blockquote>\n\n\n\n<p>Dieses kleine, leicht anzuwendende und praktische Band hab ich in einer Schublade gefunden, als ich vor einingen Wochen auf der RadioOnklologie eingesetzt wurde. Hab mir erstmal die Brosch\u00fcre kopiert und fand es sehr ansprechend. Daher nun dieser Beitrag \ud83d\ude00<\/p>\n\n\n\n<p><\/p>\n\n\n\n<blockquote class=\"wp-block-quote is-layout-flow wp-block-quote-is-layout-flow\">\n<h4 class=\"wp-block-heading\">Sagen Sie der \u00dcbelkeit Lebewohl<\/h4>\n\n\n\n<p><a href=\"https:\/\/www.seaband.de\/\" target=\"_blank\" rel=\"noreferrer noopener\">SEA-BAND<\/a> Akupressurb\u00e4nder werden zur<\/p>\n\n\n\n<p><strong>Linderung von<\/strong><\/p>\n\n\n\n<ul class=\"wp-block-list\">\n<li><strong>Reise\u00fcbelkeit und Reisekrankheit<\/strong><\/li>\n\n\n\n<li><strong>morgendlicher \u00dcbelkeit in der Schwangerschaft<\/strong><\/li>\n\n\n\n<li><strong>Migr\u00e4ne-\u00dcbelkeit<\/strong><\/li>\n\n\n\n<li><strong>postoperativer \u00dcbelkeit und \u00dcbelkeit w\u00e4hrend der Chemotherapie<\/strong><\/li>\n<\/ul>\n\n\n\n<p>angewendet. Sie wirken nach dem&nbsp;<strong>Prinzip der Akupressur<\/strong>&nbsp;durch die Aus\u00fcbung von Druck durch eine kleine Noppe auf der Bandinnenseite auf den sogenannten&nbsp;<em>Nei Kuan-Punkt (oder auch Neiguan)<\/em>&nbsp;an beiden Handgelenken. Da die B\u00e4nder keine Arzneistoffe enthalten, gibt es auch&nbsp;<strong>keine Nebenwirkungen wie bei Arzneimitteln<\/strong>. Die B\u00e4nder werden an beiden Handgelenken angelegt, sobald Sie&nbsp;<strong>\u00dcbelkeit versp\u00fcren<\/strong>. Nur wenige Minuten sind erforderlich, bis das Band seine Wirkung zeigt.<\/p>\n\n\n\n<ul class=\"wp-block-list\">\n<li>SEA-BAND kann&nbsp;<strong>wiederholt und<br \/>so lange wie erforderlich getragen<\/strong>&nbsp;werden<\/li>\n\n\n\n<li>SEA-BAND Akupressurband ist&nbsp;<strong>waschbar und wiederverwendbar<\/strong><br \/>und damit sehr&nbsp;<strong>nachhaltig und kosteng\u00fcnstig<\/strong><\/li>\n\n\n\n<li>SEA-BAND Akupressurband gegen \u00dcbelkeit<br \/>gibt es<strong>&nbsp;f\u00fcr Kinder und Erwachsene<\/strong><\/li>\n\n\n\n<li>SEA-BAND gegen \u00dcbelkeit gibt es<br \/><strong>nur in Apotheken und ausgew\u00e4hlten Shops<\/strong><\/li>\n<\/ul>\n\n\n\n<p>Quelle: <a href=\"https:\/\/www.seaband.de\/warum-hilft-sea-band-bei-uebelkeit\/\" target=\"_blank\" rel=\"noreferrer noopener\">https:\/\/www.seaband.de\/warum-hilft-sea-band-bei-uebelkeit\/<\/a><\/p>\n<\/blockquote>\n\n\n\n<p><\/p>\n\n\n\n<p><\/p>\n","protected":false},"excerpt":{"rendered":"<p>Dieses kleine, leicht anzuwendende und praktische Band hab ich in einer Schublade gefunden, als ich vor einingen Wochen auf der RadioOnklologie eingesetzt wurde. Hab mir erstmal die Brosch\u00fcre kopiert und fand es sehr ansprechend. Daher nun dieser Beitrag \ud83d\ude00<\/p>\n","protected":false},"author":1,"featured_media":0,"comment_status":"open","ping_status":"open","sticky":false,"template":"","format":"standard","meta":{"footnotes":""},"categories":[531],"tags":[88,30,69,514,585,584,420,583],"class_list":["post-2748","post","type-post","status-publish","format-standard","hentry","category-heilkunde","tag-akupressur","tag-empfehlungen","tag-heilkunde","tag-komplementaermedizin","tag-migraene-uebelkeit","tag-reiseuebelkeit","tag-tcm","tag-uebelkeit"],"_links":{"self":[{"href":"https:\/\/www.grauer-magier.de\/index.php?rest_route=\/wp\/v2\/posts\/2748","targetHints":{"allow":["GET"]}}],"collection":[{"href":"https:\/\/www.grauer-magier.de\/index.php?rest_route=\/wp\/v2\/posts"}],"about":[{"href":"https:\/\/www.grauer-magier.de\/index.php?rest_route=\/wp\/v2\/types\/post"}],"author":[{"embeddable":true,"href":"https:\/\/www.grauer-magier.de\/index.php?rest_route=\/wp\/v2\/users\/1"}],"replies":[{"embeddable":true,"href":"https:\/\/www.grauer-magier.de\/index.php?rest_route=%2Fwp%2Fv2%2Fcomments&post=2748"}],"version-history":[{"count":2,"href":"https:\/\/www.grauer-magier.de\/index.php?rest_route=\/wp\/v2\/posts\/2748\/revisions"}],"predecessor-version":[{"id":2758,"href":"https:\/\/www.grauer-magier.de\/index.php?rest_route=\/wp\/v2\/posts\/2748\/revisions\/2758"}],"wp:attachment":[{"href":"https:\/\/www.grauer-magier.de\/index.php?rest_route=%2Fwp%2Fv2%2Fmedia&parent=2748"}],"wp:term":[{"taxonomy":"category","embeddable":true,"href":"https:\/\/www.grauer-magier.de\/index.php?rest_route=%2Fwp%2Fv2%2Fcategories&post=2748"},{"taxonomy":"post_tag","embeddable":true,"href":"https:\/\/www.grauer-magier.de\/index.php?rest_route=%2Fwp%2Fv2%2Ftags&post=2748"}],"curies":[{"name":"wp","href":"https:\/\/api.w.org\/{rel}","templated":true}]}}