{"id":1779,"date":"2023-09-10T20:43:35","date_gmt":"2023-09-10T19:43:35","guid":{"rendered":"https:\/\/www.grauer-magier.de\/?p=1779"},"modified":"2026-03-02T10:08:06","modified_gmt":"2026-03-02T09:08:06","slug":"neurodermitis-und-allergien-naturheilkundlich-behandeln","status":"publish","type":"post","link":"https:\/\/www.grauer-magier.de\/?p=1779","title":{"rendered":"Neurodermitis und Allergien naturheilkundlich behandeln"},"content":{"rendered":"\n<p>Wie bei allen Themen die &#8222;naturheilkundlich behandeln&#8220; beinhalten, ersetzen diese Hinweise und Tipps nicht den Besuch beim Arzt\/Heilpraktiker, ebenso wenig wie das eigenverantwortliche Handeln. Auch wenn oben im TItel &#8222;behandeln&#8220; steht, ist das nicht im Sinne einer Therapie zu verstehen. Chronische Erkrankungen und Autoimmunerkrankungen sind nicht heilbar. Evtl. wird es in Zukunft eine Gen-Therapie, mit allen Risiken, geben. Bis dahin sind die Artikel als Linderung und Begleitung zu verstehen.<\/p>\n\n\n\n<p>Bei der Neurodermitis zeigt sich sehr eindrucksvoll wie die verschiedensten Einflussbereiche hier zu einem Konglomerat zusammenkommen. Mangelnde Abgrenzungsf\u00e4higkeit, Allergien die mit dem K\u00f6rper und untereinander interagieren, Umweltgifte, Ern\u00e4hrungsgewohnheiten, Erbanlagen, hormonelle Regulationsst\u00f6rungen, Stress und noch viel mehr Einfl\u00fcsse kommen bei der Neurodermitis zusammen.<\/p>\n\n\n\n<p>Guter erg\u00e4nzender Beitrag zum Thema Haut: <a href=\"https:\/\/velanskincare.de\/hautwissen\/unsere-haut-ein-wunderwerk\/\" target=\"_blank\" rel=\"noreferrer noopener\">velanskincare.de Unsere Haut<\/a><\/p>\n\n\n\n<p>Selbst wenn man symptomatisch gegen die Hautausschl\u00e4ge und Allergien vorgeht, ist das allenfalls eine kurzfristige Besserung. Lange Zeit wurde die Neurodermitis zu den Autoimmunerkrankungen gez\u00e4hlt, dann wieder nicht.<\/p>\n\n\n\n<p>Auch scheint eine erbliche Stoffwechselst\u00f6rung mit der Gamma-Linolens\u00e4ure eine tragende Rolle zu spielen. Eine Substitution mittels <a rel=\"noreferrer noopener\" href=\"https:\/\/www.medpex.de\/borretschoel-kapseln-p7635078\" target=\"_blank\">Borretschsamen\u00f6l<\/a> und\/oder <a rel=\"noreferrer noopener\" href=\"https:\/\/www.medpex.de\/nachtkerze-bioxera-1000-kapseln-p8921604\" target=\"_blank\">Nachtkerzen\u00f6l<\/a> erscheint sehr sinnvoll. Zus\u00e4tzlich zu einer <a href=\"https:\/\/shop.central-apotheke-leipzig.de\/hck-mikronaehrstoff-mischung-neurodermitis.html\" target=\"_blank\" rel=\"noreferrer noopener\">Mikron\u00e4hrstofferg\u00e4nzung<\/a>.<\/p>\n\n\n\n<p><\/p>\n\n\n\n<blockquote class=\"wp-block-quote is-layout-flow wp-block-quote-is-layout-flow\">\n<p>Calcium kann einen antiallergischen Effekt bewirken, da es die Zellmembran stabilisiert. Genauer: h\u00f6here Mengen Calcium bewirken in der Zelle, dass der Anteil an zyklischem Adenosinmonophosphat (cAMP) steigt. Dieses wiederum ist an der hormonellen Regulation des Zellstoffwechsels beteiligt. Dadurch kann die allergische Reaktion schnell unterdr\u00fcckt werden. Calcium kann in Kombination mit Magnesium, Zink und Vitamin D auch bei Neurodermitis wirksam sein. [4]<\/p>\n\n\n\n<p>Quelle: <a href=\"https:\/\/nadarra.eu\/calcium-hierauf-bauen-unsere-knochen\/\" target=\"_blank\" rel=\"noreferrer noopener\">https:\/\/nadarra.eu\/calcium-hierauf-bauen-unsere-knochen\/<\/a><\/p>\n<\/blockquote>\n\n\n\n<p><\/p>\n\n\n\n<p>Aromatherapeutisch gab es von 2000 eine Studie die gute Erfolge bei der Behandlungs von Neurodermitis mit Majoran, Weihrauch, Myrrhe, Thymian, Kamille blau, Benzoe, Speiklavendel und Litsea cubeba zeigte. &#8211; Direkte Empfehlungen gibt es zus\u00e4tzlich f\u00fcr Lavendel fein, Ho-Bl\u00e4tter, Rosengeranie, Cistrose, Immortelle, Rose (Rosenattar), Atlaszeder, Karottensamen, Petitgrain bigarade, Manuka, Propolis, Monarde, Koriander und Patchouli. Eine m\u00f6gliche Rezeptur f\u00fcr eine <a href=\"https:\/\/www.grauer-magier.de\/?p=4366\">Neurodermitis-Mischung<\/a><\/p>\n\n\n\n<p>Eine m\u00f6gliche Rezeptur bei Psoriasis, Ekzemen und Hyperkeratose habe ich <a href=\"https:\/\/www.grauer-magier.de\/?p=4356\">hier<\/a><\/p>\n\n\n\n<p>Die vorherige Applikation mit <a href=\"https:\/\/www.shop-vivere.de\/produkt\/hydrolat-melisse\/\" target=\"_blank\" rel=\"noreferrer noopener\">Melissenhydrolat<\/a> hat guten Erfolg bei der Linderung von Juckreiz gezeigt, und hilft z. B. einer aromapflegerischen Einreibung noch besser zu wirken.<\/p>\n\n\n\n<p>Die fetten \u00d6le die ausdr\u00fccklich bei Neurodermitis empfohlen werden sind Argan\u00f6l, Avocado\u00f6l, Neem\u00f6l, Callophyllum\u00f6l, Hanf\u00f6l, Sanddornfruchtfleisch\u00f6l und Nachtkerzen\u00f6l. Erg\u00e4nzt werden kann noch Calendulamazerat, Jojoba\u00f6l und Sheabutter. (Johannisbeersamen\u00f6l und Borretschsamen\u00f6l zwar auch, sind aber f\u00fcr die \u00e4u\u00dferliche Anwendung zu schnell oxidativ).<\/p>\n\n\n\n<p>erg\u00e4nzender Link: <a href=\"https:\/\/aromapraxis.de\/2009\/11\/03\/avocadosalbe-bei-neurodermitis-und-schuppenflechte\/\" target=\"_blank\" rel=\"noreferrer noopener\">aromapraxis.de Avocadosalbe<\/a><\/p>\n\n\n\n<p><\/p>\n\n\n\n<p>Im Zusammenhang mit Allergien m\u00f6chte ich auf den <a href=\"https:\/\/www.vivere-aromapflege.de\/2021\/11\/06\/pollenallergie-symptome-mit-aetherischen-oelen-lindern\/\" target=\"_blank\" rel=\"noreferrer noopener\">Pollenschirm von Sabrina Herber<\/a> verweisen. Der kann zur Behandlung von Allergien &#8211; nat\u00fcrlich im nicht-akuten-Zustand &#8211; unterst\u00fctzend wirken.<\/p>\n\n\n\n<p>Die L\u00f6wen-Manufactur der L\u00f6wen-Apotheke L\u00fcbeck hat zu diesem Thema die <a href=\"https:\/\/www.loewen-manufactur.de\/products\/leo-hista\" target=\"_blank\" rel=\"noreferrer noopener\">LEO-Hista Kapseln<\/a> entwickelt. Mehr dazu im Blog-Artikel &#8222;<a href=\"https:\/\/www.loewen-manufactur.de\/blogs\/manufactur-blog\/fruhling-liegt-in-der-luft-und-leider-auch-pollen\" target=\"_blank\" rel=\"noreferrer noopener\">Nat\u00fcrlich durch die Pollen-Zeit<\/a>&#8222;.<\/p>\n\n\n\n<p>Dies gilt ebenso f\u00fcr die Akupunktur, die nachweislich besonders bei chronischen Erkrankungen zu deutlicher Linderung verhelfen kann.<\/p>\n\n\n\n<p><\/p>\n\n\n\n<p>Akupressur-Punkte f\u00fcr den Hausgebrauch, insbesonderes bei Pollenallergie aka Heuschnupfen, w\u00e4ren zum Beispiel:<\/p>\n\n\n\n<ul class=\"wp-block-list\">\n<li><strong>Yingxiang (LI 20) \u2013 Freie Nase:<\/strong><br \/>\ud83d\udccd Lage: Neben den Nasenfl\u00fcgeln in einer kleinen&nbsp;Vertiefung.<br \/>\ud83d\udc86\u200d\u2642\ufe0f Wirkung: \u00d6ffnet die Nase, lindert Niesreiz und verstopfte Atemwege.<br \/>\ud83d\udc49 Anwendung: Mit Zeige- oder Mittelfinger sanft kreisend massieren, ca. 2 Minuten.<br \/>&nbsp;<\/li>\n\n\n\n<li><strong>Hegu (LI 4) \u2013 Druck rausnehmen:<\/strong><br \/>\ud83d\udccd Lage: Auf dem Handr\u00fccken zwischen Daumen und Zeigefinger, an der h\u00f6chsten Stelle des Muskelwulsts.<br \/>\ud83d\udc86\u200d\u2642\ufe0f Wirkung: L\u00f6st verstopfte Nebenh\u00f6hlen, reduziert Kopfschmerzen.<br \/>\ud83d\udc49 Anwendung: Mit dem Daumen kr\u00e4ftig dr\u00fccken, ca. 1 Minute pro Hand.<br \/>&nbsp;<\/li>\n\n\n\n<li><strong>Yintang \u2013 Ruhe f\u00fcr die Augen:<\/strong><br \/>\ud83d\udccd Lage: In der Mitte der Stirn, zwischen den Augenbrauen.<br \/>\ud83d\udc86\u200d\u2642\ufe0f Wirkung: Beruhigt ger\u00f6tete, juckende und tr\u00e4nende Augen.<br \/>\ud83d\udc49 Anwendung: Sanften Druck mit dem Zeigefinger aus\u00fcben, leicht kreisen, ca. 2 Minuten.<\/li>\n<\/ul>\n\n\n\n<p><\/p>\n\n\n\n<p>Wer dann doch lieber zu einem fertigen Pr\u00e4parat greifen m\u00f6chte: <a href=\"https:\/\/velanskincare.de\/produkte\/calmrepair\/\" target=\"_blank\" rel=\"noreferrer noopener\">Velanskincare Calm &amp; Repair<\/a> oder <a href=\"https:\/\/aureliasan.de\/neurelia-weihrauch-creme\" target=\"_blank\" rel=\"noreferrer noopener\">Weihrauch-Creme Neurelia<\/a><\/p>\n\n\n\n<p>Aber wo w\u00e4ren wir hier auf der Website, wenn ich nicht auch noch was von Lush h\u00e4tte \ud83d\ude00 Ist zwar jetzt nicht wortw\u00f6rtlich (also dermatologisch) bei Neurodermitis getestet, aber bei Ekzemen, worunter Neurodermitis ja meist f\u00e4llt. Die <a href=\"https:\/\/www.lush.com\/de\/de\/p\/dream-cream-self-preserving-hand-and-body-lotion\" target=\"_blank\" rel=\"noreferrer noopener\">Dream Cream<\/a> von Lush kann ich w\u00e4rmstens empfehlen!<\/p>\n\n\n\n<p>Die Solunate empfehlen <a href=\"https:\/\/www.gudjons-shop.com\/solunate\/solunat-nr-6-tropfen\" target=\"_blank\" rel=\"noreferrer noopener\">Nr. 6<\/a>  und <a href=\"https:\/\/www.gudjons-shop.com\/solunate\/solunat-nr-9-tropfen\" target=\"_blank\" rel=\"noreferrer noopener\">Nr. 9<\/a> um \u00fcber Haut und Lymphe auszuleiten.<\/p>\n\n\n\n<p>Von Phylak Sachsen gibt es zwei spezifische Mischungen &#8211; <a href=\"https:\/\/shop.central-apotheke-leipzig.de\/phylak-spagyrik-mischung-ps-811-0-neurodermitis-50ml.html\" target=\"_blank\" rel=\"noreferrer noopener\">Neurodermitis<\/a> und <a href=\"https:\/\/shop.central-apotheke-leipzig.de\/phylak-spagyrik-mischung-ps-856-1-atopische-dermatitis-neurodermitis-chronische-ekzeme.html\" target=\"_blank\" rel=\"noreferrer noopener\">Atopische Dermatitis<\/a> &#8211; als Mundspray. Zus\u00e4tzlich auch als <a rel=\"noreferrer noopener\" href=\"https:\/\/shop.central-apotheke-leipzig.de\/spagyrik-globuli-neurodermitis-10g.html\" target=\"_blank\">Globuli<\/a>.<\/p>\n\n\n\n<p>Mit den Bachbl\u00fcten <a href=\"https:\/\/shop.central-apotheke-leipzig.de\/bach-rescura-tropfen-alkoholfrei.html\" target=\"_blank\" rel=\"noreferrer noopener\">Notfalltropfen<\/a> kann man auch gut gegen akute Sch\u00fcbe steuern, und mit einer <a href=\"https:\/\/www.bachblueten-shop.com\/fertigmischungen\/individual-bio-mischungen\/\" target=\"_blank\" rel=\"noreferrer noopener\">individuellen Mischung<\/a> f\u00fcr ein besseres Gleichgewicht sorgen.<\/p>\n\n\n\n<p>Als Gemmomazerat wird die Libanonzeder, schwarze Johannisbeere und wolliger Schneeball empfohlen. Die kann man entweder <a rel=\"noreferrer noopener\" href=\"https:\/\/shop.bahnhof-apotheke.de\/category\/phytotherapie.12358.html\" target=\"_blank\">hier<\/a>, oder <a rel=\"noreferrer noopener\" href=\"https:\/\/www.doriskaradar.com\/PHYTOCARE\/Bio-Gemmomazerate\/\" target=\"_blank\">hier<\/a> beziehen.<\/p>\n\n\n\n<p><\/p>\n\n\n\n<p>Eine ganzheitliche Behandlung der Allergien kann ebenso zu einer starken Linderung der Symptome f\u00fchren. Da wahrscheinlich nie alle Stressoren ausgeglichen werden k\u00f6nnen, besteht immer die M\u00f6glichkeit das die Neurodermitis in Begleitung auch von neuen Allergien wieder kommt.<\/p>\n\n\n\n<p>erg\u00e4nzender Link: <a href=\"https:\/\/bedrop.de\/blogs\/wissenswertes-aktuelles\/wirkung-von-propolis-bei-pollenallergie\" target=\"_blank\" rel=\"noreferrer noopener\">Anwendung von Propolis bei Pollenallergie<\/a><\/p>\n\n\n\n<p><strong>Cave: Bei einer allergischen Reaktion handelt es sich immer um einen Notfall! Die Atemwege k\u00f6nnen betroffen sein, m\u00fcssen es aber nicht zwingend. Bekannte Allergiker haben ein Notfallset und sollen das auch benutzen! Die Anregungen zur naturheilkundlichen Behandlung beziehen sich NIE auf eine Notsituation!<\/strong><\/p>\n\n\n\n<p>Es wurde beobachtet das Manuka auf die IgE-Antik\u00f6rper wirkt, die ma\u00dfgeblich an allergischen Reaktionen, bzw. an der Histaminaussch\u00fcttung der Mastzellen beteiligt sind.<\/p>\n\n\n\n<p>Folgende Ceres Urtinkturen w\u00e4ren denkbar: <a href=\"https:\/\/www.medpex.de\/ceres-calendula-urtinktur-p178726\" target=\"_blank\" rel=\"noreferrer noopener\">Ringelblume<\/a>, <a href=\"https:\/\/www.medpex.de\/ohne-indikation-homoeopathische-komplexmittel\/ceres-viola-tricolor-urtinktur-p425461\" target=\"_blank\" rel=\"noreferrer noopener\">Stiefm\u00fctterchen<\/a>, <a href=\"https:\/\/www.medpex.de\/sonstige-pflanzliche-mittel\/ceres-taraxacum-urtinktur-p245291\" target=\"_blank\" rel=\"noreferrer noopener\">L\u00f6wenzahn<\/a> sowie das Kompipr\u00e4parat <a href=\"https:\/\/www.medpex.de\/ceres-urtica-sambucus-comp-tropfen-p575166\" target=\"_blank\" rel=\"noreferrer noopener\">Urtica-Sambucus comp.<\/a><\/p>\n\n\n\n<p>Der generelle Verzicht auf Erd\u00f6lprodukte in allem was man sich auf die Haut schmiert sollte selbstverst\u00e4ndlich sein.<\/p>\n\n\n\n<p><\/p>\n\n\n\n<p>erg\u00e4nzender Link: <a href=\"https:\/\/www.vivere-aromapflege.de\/2021\/11\/06\/pollenallergie-symptome-mit-aetherischen-oelen-lindern\/\" target=\"_blank\" rel=\"noreferrer noopener\">vivere-aromapflege<\/a><\/p>\n\n\n\n<p>erg\u00e4nzender Link: <a href=\"https:\/\/www.aromapflege.com\/Allergie-Prophylaxe\" target=\"_blank\" rel=\"noreferrer noopener\">aromapflege.com<\/a><\/p>\n\n\n\n<p>erg\u00e4nzender Link: <a href=\"https:\/\/shop.bahnhof-apotheke.de\/blog\/neurodermitis-ganzheitlich-betrachtet-und-begleitet.15\" target=\"_blank\" rel=\"noreferrer noopener\">Blog der Bahnhofs Apotheke<\/a><\/p>\n\n\n\n<p>erg\u00e4nzender Link: globuli.de &#8211; <a href=\"https:\/\/www.globuli.de\/wissen\/behandlung\/haut-haare\/neurodermitis\/\" target=\"_blank\" rel=\"noreferrer noopener\">Neurodermitis<\/a> + <a href=\"https:\/\/www.globuli.de\/wissen\/kind\/behandlung\/allergie\/\" target=\"_blank\" rel=\"noreferrer noopener\">Allergien<\/a><\/p>\n\n\n\n<p>erg\u00e4nzender Link: naturheilmagazin.de &#8211; <a href=\"https:\/\/www.naturheilmagazin.de\/erkrankungen\/neurodermitis\/\" target=\"_blank\" rel=\"noreferrer noopener\">Neurodermitis<\/a> + <a href=\"https:\/\/www.naturheilmagazin.de\/erkrankungen\/allergien\/\" target=\"_blank\" rel=\"noreferrer noopener\">Allergien<\/a><\/p>\n\n\n\n<p>erg\u00e4nzender Link: <a href=\"https:\/\/carrieroflight.com\/aromatherapie-und-allergien\/\" target=\"_blank\" rel=\"noreferrer noopener\">carrieroflight.com &#8211; Arometherapie und Allergien<\/a> (Blog vom Oshadhi-Gr\u00fcnder Malte Hozzel)<\/p>\n\n\n\n<p>erg\u00e4nzender Link: <a href=\"https:\/\/velanskincare.de\/hautwissen\/pflege-bei-neurodermitis-und-juckreiz\/\" target=\"_blank\" rel=\"noreferrer noopener\">velanskincare.de Pflege bei Neurodermitis<\/a><\/p>\n\n\n\n<p>erg\u00e4nzender Link: <a href=\"https:\/\/aureliasan.de\/neurelia-weihrauch-creme\" target=\"_blank\" rel=\"noreferrer noopener\">AureliaSan.de Weihrauch bei Neurodermitis<\/a><\/p>\n\n\n\n<p>erg\u00e4nzender Link: <a href=\"https:\/\/bedrop.de\/blogs\/wissenswertes-aktuelles\/bees-neurodermitis-mit-propolis\" target=\"_blank\" rel=\"noreferrer noopener\">Bee&#8217;s Neurodermitis und Erfahrung mit Propolis<\/a><\/p>\n","protected":false},"excerpt":{"rendered":"<p>Wie bei allen Themen die &#8222;naturheilkundlich behandeln&#8220; beinhalten, ersetzen diese Hinweise und Tipps nicht den Besuch beim Arzt\/Heilpraktiker, ebenso wenig wie das eigenverantwortliche Handeln. Auch wenn oben im TItel &#8222;behandeln&#8220; steht, ist das nicht im Sinne einer Therapie zu verstehen. Chronische Erkrankungen und Autoimmunerkrankungen sind nicht heilbar. Evtl. wird es in Zukunft eine Gen-Therapie, mit [&hellip;]<\/p>\n","protected":false},"author":1,"featured_media":0,"comment_status":"open","ping_status":"open","sticky":false,"template":"","format":"standard","meta":{"footnotes":""},"categories":[17,518,531],"tags":[88,674,35,41,101,675,30,69,720,514,390,497,673,719],"class_list":["post-1779","post","type-post","status-publish","format-standard","hentry","category-aromapflege","category-diy","category-heilkunde","tag-akupressur","tag-allergien","tag-aromapflege","tag-aetherische-oele","tag-diy","tag-ekzem","tag-empfehlungen","tag-heilkunde","tag-heuschnupfen","tag-komplementaermedizin","tag-naturheilkunde","tag-naturheilmittel","tag-neurodermitis","tag-pollen"],"_links":{"self":[{"href":"https:\/\/www.grauer-magier.de\/index.php?rest_route=\/wp\/v2\/posts\/1779","targetHints":{"allow":["GET"]}}],"collection":[{"href":"https:\/\/www.grauer-magier.de\/index.php?rest_route=\/wp\/v2\/posts"}],"about":[{"href":"https:\/\/www.grauer-magier.de\/index.php?rest_route=\/wp\/v2\/types\/post"}],"author":[{"embeddable":true,"href":"https:\/\/www.grauer-magier.de\/index.php?rest_route=\/wp\/v2\/users\/1"}],"replies":[{"embeddable":true,"href":"https:\/\/www.grauer-magier.de\/index.php?rest_route=%2Fwp%2Fv2%2Fcomments&post=1779"}],"version-history":[{"count":29,"href":"https:\/\/www.grauer-magier.de\/index.php?rest_route=\/wp\/v2\/posts\/1779\/revisions"}],"predecessor-version":[{"id":4468,"href":"https:\/\/www.grauer-magier.de\/index.php?rest_route=\/wp\/v2\/posts\/1779\/revisions\/4468"}],"wp:attachment":[{"href":"https:\/\/www.grauer-magier.de\/index.php?rest_route=%2Fwp%2Fv2%2Fmedia&parent=1779"}],"wp:term":[{"taxonomy":"category","embeddable":true,"href":"https:\/\/www.grauer-magier.de\/index.php?rest_route=%2Fwp%2Fv2%2Fcategories&post=1779"},{"taxonomy":"post_tag","embeddable":true,"href":"https:\/\/www.grauer-magier.de\/index.php?rest_route=%2Fwp%2Fv2%2Ftags&post=1779"}],"curies":[{"name":"wp","href":"https:\/\/api.w.org\/{rel}","templated":true}]}}