{"id":1693,"date":"2023-08-15T18:44:41","date_gmt":"2023-08-15T17:44:41","guid":{"rendered":"https:\/\/www.grauer-magier.de\/?p=1693"},"modified":"2026-02-14T18:07:11","modified_gmt":"2026-02-14T17:07:11","slug":"depression-naturheilkundlich-behandeln","status":"publish","type":"post","link":"https:\/\/www.grauer-magier.de\/?p=1693","title":{"rendered":"Depression naturheilkundlich behandeln"},"content":{"rendered":"\n<p>Wie bei allen Themen die &#8222;naturheilkundlich behandeln&#8220; beinhalten, ersetzen diese Hinweise und Tipps nicht den Besuch beim Arzt\/Heilpraktiker, ebenso wenig wie das eigenverantwortliche Handeln. Auch wenn oben im TItel &#8222;behandeln&#8220; steht, ist das nicht im Sinne einer Therapie zu verstehen. Chronische Erkrankungen und Autoimmunerkrankungen sind nicht heilbar. Evtl. wird es in Zukunft eine Gen-Therapie, mit allen Risiken, geben. Bis dahin sind die Artikel als Linderung und Begleitung zu verstehen.<\/p>\n\n\n\n<p>Eine Depression ist eine ernst zu nehmende Erkrankung, die nicht mit ein paar gut gemeinten Worten, merkw\u00fcrdigen Motivationsparolen, und schon gar nicht mit toxischer Positivit\u00e4t in den Griff zu bekommen ist. Dieser Artikel erhebt keinen Heilungsanspruch, denn die Behandlung muss immer komplement\u00e4r inklusive eines Arztes und Psychiaters\/Psychotherapeuten erfolgen. Da eine Depression aus den unterschiedlichsten Faktoren und Ursachen bestehen kann, ist die Wahrscheinlichkeit &#8222;die eine&#8220; Therapie zu finden die einem hilft, sehr unwahrscheinlich, aber nicht hoffnungslos.<\/p>\n\n\n\n<p>Bei einer Depression verh\u00e4lt es sich wie bei einer chronischen Erkrankung. Man kann die Symptome lindern, man kann damit zu Leben lernen &#8211; aber sie geht <strong>nie<\/strong> weg.<\/p>\n\n\n\n<p>Wie schon der Titel sagt, m\u00f6chte ich hier die naturheilkundlichen M\u00f6glichkeiten erw\u00e4hnen, die nat\u00fcrlich eine Therapie keinesfalls ersetzen, aber sinnvoll begleiten k\u00f6nnen.<\/p>\n\n\n\n<p>Um einen vielleicht verschleierten N\u00e4hrstoffmangel auszuschlie\u00dfen empfehle ich die Substitution von Vitamin D <a href=\"https:\/\/shop.central-apotheke-leipzig.de\/allergy-research-super-vitamin-d3-2000-i-e-60-kapseln.html\" target=\"_blank\" rel=\"noreferrer noopener\">Kapseln<\/a> oder <a href=\"https:\/\/shop.central-apotheke-leipzig.de\/central-vitamin-k2-d3-duo-oel-forte-20ml.html\" target=\"_blank\" rel=\"noreferrer noopener\">\u00d6l<\/a>, <a href=\"https:\/\/i.refs.cc\/XOWMFnV6?smile_ref=eyJzbWlsZV9zb3VyY2UiOiJzbWlsZV91aSIsInNtaWxlX21lZGl1bSI6IiIsInNtaWxlX2NhbXBhaWduIjoicmVmZXJyYWxfcHJvZ3JhbSIsInNtaWxlX2N1c3RvbWVyX2lkIjo5NjkxNjU1MjZ9\" target=\"_blank\" rel=\"noreferrer noopener\">Omega 3<\/a>, und <a href=\"https:\/\/shop.central-apotheke-leipzig.de\/meta-care-b-complex-60-kapseln.html\" target=\"_blank\" rel=\"noreferrer noopener\">Vitamin B-Complex<\/a>.<\/p>\n\n\n\n<p>Die Sch\u00fc\u00dfler-Salze empfehlen <a href=\"https:\/\/shop.central-apotheke-leipzig.de\/bombastus-schuessler-salz-nr-2-calcium-phosphoricum-d6-tabletten.html\" target=\"_blank\" rel=\"noreferrer noopener\">Nr. 2<\/a> und <a href=\"https:\/\/shop.central-apotheke-leipzig.de\/bombastus-schuessler-salz-nr-5-kalium-phosphoricum-d6-tabletten.html\" target=\"_blank\" rel=\"noreferrer noopener\">Nr. 5<\/a>. Oder als fertige <a href=\"https:\/\/shop.central-apotheke-leipzig.de\/depression-schuessler-salz-mischung-300g.html\" target=\"_blank\" rel=\"noreferrer noopener\">Mischung<\/a>.<\/p>\n\n\n\n<p>Von der Frima Meta Fackler empfehle ich das <a href=\"https:\/\/shop.central-apotheke-leipzig.de\/metakaveron-10g-globuli.html\" target=\"_blank\" rel=\"noreferrer noopener\">Metakaveron<\/a>.<\/p>\n\n\n\n<p>Von den Bachbl\u00fcten kann man sich eine Mischung aus Mimulus, Mustard, Cerato, Pine, Olive, Oak, Walnut, Scleranthus und Wild Rose <a href=\"https:\/\/www.bachblueten-shop.com\/bio-bachblueten\/themen-individuelle\/eigene-blueten.php\" target=\"_blank\" rel=\"noreferrer noopener\">mischen lassen<\/a>.<\/p>\n\n\n\n<p>Spagyrisch kann ich die Solunate <a href=\"https:\/\/www.gudjons-shop.com\/solunate\/solunat-nr-2-tropfen\">Nr. 2<\/a>, <a href=\"https:\/\/www.gudjons-shop.com\/solunate\/solunat-nr-5-tropfen\">Nr. 5<\/a> und <a href=\"https:\/\/www.gudjons-shop.com\/solunate\/solunat-nr-17-tropfen\">Nr. 17<\/a> vormittags, und <a href=\"https:\/\/www.gudjons-shop.com\/solunate\/solunat-nr-4-tropfen\">Nr. 4<\/a> und <a href=\"https:\/\/www.gudjons-shop.com\/solunate\/solunat-nr-8-tropfen\">Nr. 8<\/a> vor dem schlafen gehen empfehlen.<\/p>\n\n\n\n<p>Auch eines der praktischen Mundsprays von Phylak Sachsen kann man erg\u00e4nzend anwenden. Exemplarisch hier <a rel=\"noreferrer noopener\" href=\"https:\/\/shop.central-apotheke-leipzig.de\/phylak-spagyrik-mischung-ps-208-1-depression-schwermut-50ml.html\" target=\"_blank\">PS Mischung 208.1<\/a>, es gibt jedoch zur Stichwortsuche 14 verschiedene Mischungen.<\/p>\n\n\n\n<p>Als Gemmomazerate werden Feigenbaum und Silberlinde empfohlen. Die kann man entweder <a href=\"https:\/\/shop.bahnhof-apotheke.de\/category\/gemmotherapie.12558.html\" target=\"_blank\" rel=\"noreferrer noopener\">hier<\/a>, oder <a href=\"https:\/\/www.doriskaradar.com\/PHYTOCARE\/Bio-Gemmomazerate\/\" target=\"_blank\" rel=\"noreferrer noopener\">hier<\/a> beziehen.<\/p>\n\n\n\n<p>Folgende Ceres Pr\u00e4parate w\u00e4ren denkbar: <a href=\"https:\/\/www.medpex.de\/ceres-daucus-comp-tropfen-p502730\" target=\"_blank\" rel=\"noreferrer noopener\">Wilde-M\u00f6hren Kombipr\u00e4parat<\/a>, <a href=\"https:\/\/www.medpex.de\/ceres-hypericum-comp-tropfen-p553182\" target=\"_blank\" rel=\"noreferrer noopener\">Johnniskraut Kombipr\u00e4parat<\/a> und <a href=\"https:\/\/www.medpex.de\/ceres-absinthium-urtinktur-p178577\" target=\"_blank\" rel=\"noreferrer noopener\">Wermut Urtinktur<\/a><\/p>\n\n\n\n<p>Von der Aromapflege habe ich mir 3 Varianten f\u00fcr ein &#8222;Anti-Depri-\u00d6l&#8220; \u00fcberlegt. <a href=\"https:\/\/www.grauer-magier.de\/?p=1691\" target=\"_blank\" rel=\"noreferrer noopener\">Variante 1<\/a>, <a href=\"https:\/\/www.grauer-magier.de\/?p=1689\" target=\"_blank\" rel=\"noreferrer noopener\">Variante 2<\/a> und <a href=\"https:\/\/www.grauer-magier.de\/?p=1672\" target=\"_blank\" rel=\"noreferrer noopener\">Variante 3<\/a> &#8211; diese Einreibungen kann man zus\u00e4tzlich noch mit einem Riechstift und dem Konzentrat &#8222;<a href=\"https:\/\/www.grauer-magier.de\/?p=4383\">Lichtblick<\/a>&#8220; unterst\u00fctzen.<\/p>\n\n\n\n<p>Neu hinzu gekommen ist ein <a href=\"https:\/\/www.grauer-magier.de\/?p=2922\">Rollon bei &#8222;Gedankenkarussell&#8220;<\/a> (aka Gedanken-Geplapper)<\/p>\n\n\n\n<p><\/p>\n\n\n\n<p>Podcast-Empfehlung: <a href=\"https:\/\/aromapraxis.de\/podcasts\/episode-19-vom-gedankenkarussell-zur-gelassenheit\/\" target=\"_blank\" rel=\"noreferrer noopener\">Aromatherapie f\u00fcr deine Ohren<\/a><\/p>\n\n\n\n<p>erg\u00e4nzender Link (PDF): <a href=\"https:\/\/www.vivere-aromapflege.de\/download\/19341\/?tmstv=1712576073\" target=\"_blank\" rel=\"noreferrer noopener\">vivere-aromapflege Quickinfo &#8222;Herzensd\u00fcfte&#8220;<\/a><\/p>\n\n\n\n<p>erg\u00e4nzender Link (PDF): <a href=\"https:\/\/www.vivere-aromapflege.de\/download\/18794\/?tmstv=1712576073\" target=\"_blank\" rel=\"noreferrer noopener\">vivere-aromapflege Quickinfo &#8222;Seelend\u00fcfte&#8220;<\/a><\/p>\n\n\n\n<p>erg\u00e4nzender Link: <a href=\"https:\/\/www.globuli.de\/wissen\/behandlung\/depression\/\" target=\"_blank\" rel=\"noreferrer noopener\">globuli.de<\/a><\/p>\n\n\n\n<p>erg\u00e4nzender Link: <a href=\"https:\/\/www.naturheilmagazin.de\/erkrankungen\/depressionen\/\" target=\"_blank\" rel=\"noreferrer noopener\">naturheilmagazin.de<\/a><\/p>\n\n\n\n<p>erg\u00e4nzender Link: <a href=\"https:\/\/carrieroflight.com\/loesungsansaetze-der-aromatherapie-bei-depression-angst-stress\/?lang=de\" target=\"_blank\" rel=\"noreferrer noopener\">carrieroflight.com<\/a><\/p>\n","protected":false},"excerpt":{"rendered":"<p>Wie bei allen Themen die &#8222;naturheilkundlich behandeln&#8220; beinhalten, ersetzen diese Hinweise und Tipps nicht den Besuch beim Arzt\/Heilpraktiker, ebenso wenig wie das eigenverantwortliche Handeln. Auch wenn oben im TItel &#8222;behandeln&#8220; steht, ist das nicht im Sinne einer Therapie zu verstehen. Chronische Erkrankungen und Autoimmunerkrankungen sind nicht heilbar. Evtl. wird es in Zukunft eine Gen-Therapie, mit [&hellip;]<\/p>\n","protected":false},"author":1,"featured_media":0,"comment_status":"open","ping_status":"open","sticky":false,"template":"","format":"standard","meta":{"footnotes":""},"categories":[17,5,518,531,18],"tags":[35,41,676,101,30,69,514,390,497],"class_list":["post-1693","post","type-post","status-publish","format-standard","hentry","category-aromapflege","category-bachblueten","category-diy","category-heilkunde","category-spagyrik","tag-aromapflege","tag-aetherische-oele","tag-depression","tag-diy","tag-empfehlungen","tag-heilkunde","tag-komplementaermedizin","tag-naturheilkunde","tag-naturheilmittel"],"_links":{"self":[{"href":"https:\/\/www.grauer-magier.de\/index.php?rest_route=\/wp\/v2\/posts\/1693","targetHints":{"allow":["GET"]}}],"collection":[{"href":"https:\/\/www.grauer-magier.de\/index.php?rest_route=\/wp\/v2\/posts"}],"about":[{"href":"https:\/\/www.grauer-magier.de\/index.php?rest_route=\/wp\/v2\/types\/post"}],"author":[{"embeddable":true,"href":"https:\/\/www.grauer-magier.de\/index.php?rest_route=\/wp\/v2\/users\/1"}],"replies":[{"embeddable":true,"href":"https:\/\/www.grauer-magier.de\/index.php?rest_route=%2Fwp%2Fv2%2Fcomments&post=1693"}],"version-history":[{"count":18,"href":"https:\/\/www.grauer-magier.de\/index.php?rest_route=\/wp\/v2\/posts\/1693\/revisions"}],"predecessor-version":[{"id":4386,"href":"https:\/\/www.grauer-magier.de\/index.php?rest_route=\/wp\/v2\/posts\/1693\/revisions\/4386"}],"wp:attachment":[{"href":"https:\/\/www.grauer-magier.de\/index.php?rest_route=%2Fwp%2Fv2%2Fmedia&parent=1693"}],"wp:term":[{"taxonomy":"category","embeddable":true,"href":"https:\/\/www.grauer-magier.de\/index.php?rest_route=%2Fwp%2Fv2%2Fcategories&post=1693"},{"taxonomy":"post_tag","embeddable":true,"href":"https:\/\/www.grauer-magier.de\/index.php?rest_route=%2Fwp%2Fv2%2Ftags&post=1693"}],"curies":[{"name":"wp","href":"https:\/\/api.w.org\/{rel}","templated":true}]}}