{"id":1292,"date":"2023-03-31T16:31:46","date_gmt":"2023-03-31T15:31:46","guid":{"rendered":"https:\/\/www.grauer-magier.de\/?p=1292"},"modified":"2024-02-09T15:13:57","modified_gmt":"2024-02-09T14:13:57","slug":"buchempfehlung-aroma-akupressur","status":"publish","type":"post","link":"https:\/\/www.grauer-magier.de\/?p=1292","title":{"rendered":"Buchempfehlung: Aroma-Akupressur"},"content":{"rendered":"\n<blockquote class=\"wp-block-quote is-layout-flow wp-block-quote-is-layout-flow\">\n<p><strong>Entdecken Sie die heilsame Kombination von \u00e4therischen \u00d6len und Akupressur<\/strong><br \/><br \/>Merina Ty-Kisera, zertifizierte Aromatherapeutin und F\u00fcnf-Elemente-Akupunkteurin, f\u00fchrt die Leser ein in die &#8222;Aroma-Akupressur&#8220;. Diese neue, innovative Heilmethode lindert zahlreiche h\u00e4ufige Beschwerden. Die Autorin zeigt in bebilderten \u00dcbungen, wie Sie die heilenden Eigenschaften von \u00e4therischen \u00d6len auf Druckpunkte anwenden k\u00f6nnen und wie diese sich idealerweise gegenseitig verst\u00e4rken. So rufen Sie energetische Ver\u00e4nderungen hervor, die K\u00f6rper und Geist wohltuen und in Balance bringen.<br \/><br \/>Die Aroma-Akupressur potenziert die Wirkung zweier erfolgreicher Heilmethoden:<br \/>&#8211; Lindert Verspannungen, Verdauungsbeschwerden und chronische Schmerzen<br \/>&#8211; St\u00e4rkt das Immunsystem und das Ged\u00e4chtnis<br \/>&#8211; Bek\u00e4mpft Entz\u00fcndungen und grippale Infekte<br \/>&#8211; Hilft bei Schlafproblemen und Stress<br \/><br \/><strong>Ihr duftender und hoch wirksamer Weg zu einer starken Gesundheit.<\/strong><\/p>\n<cite><a href=\"https:\/\/amzn.to\/3M77TCG\" target=\"_blank\" rel=\"noreferrer noopener\">https:\/\/amzn.to\/3M77TCG<\/a><\/cite><\/blockquote>\n\n\n\n<p><\/p>\n\n\n\n<p>Wer hier ein umfassendes Werk \u00fcber die TCM und die Meridiane und Druckpunkte (Akupressur-Punkte) erwartet, wird entt\u00e4uscht. Dies einfach mal vorweg, um Erwartungen klar zu stellen.<\/p>\n\n\n\n<p>Das schicke B\u00fcchlein gibt einen guten \u00dcberblick \u00fcber g\u00e4ngige Beschwerden, welche \u00e4therischen \u00d6le die Autor:in empfiehlt und an welchen Druckpunkten diese am besten eingesetzt werden k\u00f6nnen.<\/p>\n\n\n\n<p><\/p>\n\n\n\n<p>Link: <a href=\"https:\/\/amzn.to\/3M77TCG\" target=\"_blank\" rel=\"noreferrer noopener\">Aroma-Akupressur<\/a><\/p>\n","protected":false},"excerpt":{"rendered":"<p>Entdecken Sie die heilsame Kombination von \u00e4therischen \u00d6len und Akupressur Merina Ty-Kisera, zertifizierte Aromatherapeutin und F\u00fcnf-Elemente-Akupunkteurin, f\u00fchrt die Leser ein in die &#8222;Aroma-Akupressur&#8220;. Diese neue, innovative Heilmethode lindert zahlreiche h\u00e4ufige Beschwerden. Die Autorin zeigt in bebilderten \u00dcbungen, wie Sie die heilenden Eigenschaften von \u00e4therischen \u00d6len auf Druckpunkte anwenden k\u00f6nnen und wie diese sich idealerweise gegenseitig [&hellip;]<\/p>\n","protected":false},"author":1,"featured_media":0,"comment_status":"open","ping_status":"open","sticky":false,"template":"","format":"standard","meta":{"footnotes":""},"categories":[17,12,531,14,8],"tags":[88,461,40,41,63,30,473,37],"class_list":["post-1292","post","type-post","status-publish","format-standard","hentry","category-aromapflege","category-beauty-wellness","category-heilkunde","category-buchempfehlungen-heilkunde","category-links","tag-akupressur","tag-aromakultur","tag-aromatherapie","tag-aetherische-oele","tag-buchempfehlung","tag-empfehlungen","tag-essential-oils","tag-links"],"_links":{"self":[{"href":"https:\/\/www.grauer-magier.de\/index.php?rest_route=\/wp\/v2\/posts\/1292","targetHints":{"allow":["GET"]}}],"collection":[{"href":"https:\/\/www.grauer-magier.de\/index.php?rest_route=\/wp\/v2\/posts"}],"about":[{"href":"https:\/\/www.grauer-magier.de\/index.php?rest_route=\/wp\/v2\/types\/post"}],"author":[{"embeddable":true,"href":"https:\/\/www.grauer-magier.de\/index.php?rest_route=\/wp\/v2\/users\/1"}],"replies":[{"embeddable":true,"href":"https:\/\/www.grauer-magier.de\/index.php?rest_route=%2Fwp%2Fv2%2Fcomments&post=1292"}],"version-history":[{"count":2,"href":"https:\/\/www.grauer-magier.de\/index.php?rest_route=\/wp\/v2\/posts\/1292\/revisions"}],"predecessor-version":[{"id":1294,"href":"https:\/\/www.grauer-magier.de\/index.php?rest_route=\/wp\/v2\/posts\/1292\/revisions\/1294"}],"wp:attachment":[{"href":"https:\/\/www.grauer-magier.de\/index.php?rest_route=%2Fwp%2Fv2%2Fmedia&parent=1292"}],"wp:term":[{"taxonomy":"category","embeddable":true,"href":"https:\/\/www.grauer-magier.de\/index.php?rest_route=%2Fwp%2Fv2%2Fcategories&post=1292"},{"taxonomy":"post_tag","embeddable":true,"href":"https:\/\/www.grauer-magier.de\/index.php?rest_route=%2Fwp%2Fv2%2Ftags&post=1292"}],"curies":[{"name":"wp","href":"https:\/\/api.w.org\/{rel}","templated":true}]}}